{"id":375,"date":"2026-04-22T04:39:51","date_gmt":"2026-04-22T04:39:51","guid":{"rendered":"https:\/\/www.patapon95.fr\/?p=375"},"modified":"2026-04-22T07:07:22","modified_gmt":"2026-04-22T07:07:22","slug":"comprendre-la-violence-fondee-sur-le-genre-au-dela-des-definitions","status":"publish","type":"post","link":"https:\/\/www.patapon95.fr\/index.php\/2026\/04\/22\/comprendre-la-violence-fondee-sur-le-genre-au-dela-des-definitions\/","title":{"rendered":"Comprendre la violence fond\u00e9e sur le genre : au-del\u00e0 des d\u00e9finitions"},"content":{"rendered":"\n<p>Pour agir, il faut d&rsquo;abord savoir de quoi l&rsquo;on parle. Si l&rsquo;on s&rsquo;appuie sur les travaux de la <strong>Convention d\u2019Istanbul<\/strong>, la violence fond\u00e9e sur le genre ne se r\u00e9sume pas \u00e0 des actes isol\u00e9s : c&rsquo;est un syst\u00e8me.<\/p>\n\n\n\n<h3 class=\"wp-block-heading\">Qu&rsquo;est-ce que la violence fond\u00e9e sur le genre ?<\/h3>\n\n\n\n<p>Il s&rsquo;agit de tout acte pr\u00e9judiciable dirig\u00e9 contre une personne ou un groupe en raison de son sexe, de son genre, de son orientation sexuelle ou de son identit\u00e9 de genre (qu&rsquo;ils soient r\u00e9els ou per\u00e7us).<\/p>\n\n\n\n<blockquote class=\"wp-block-quote is-layout-flow wp-block-quote-is-layout-flow\">\n<p><strong>L&rsquo;essentiel \u00e0 retenir :<\/strong> Cette violence n&rsquo;est pas le fruit du hasard. Elle prend racine dans un <strong>d\u00e9s\u00e9quilibre des pouvoirs<\/strong>. Elle vise \u00e0 humilier, \u00e0 inf\u00e9rioriser et \u00e0 maintenir un rapport de subordination.<\/p>\n<\/blockquote>\n\n\n\n<hr class=\"wp-block-separator has-alpha-channel-opacity\"\/>\n\n\n\n<h3 class=\"wp-block-heading\">Une violence ancr\u00e9e dans notre soci\u00e9t\u00e9<\/h3>\n\n\n\n<p>Ce n&rsquo;est pas seulement une affaire individuelle, c&rsquo;est un probl\u00e8me structurel. Elle se nourrit de :<\/p>\n\n\n\n<ul class=\"wp-block-list\">\n<li><strong>Normes sociales et culturelles<\/strong> qui dictent le comportement des uns et des autres.<\/li>\n\n\n\n<li><strong>La culture du silence<\/strong> et du d\u00e9ni qui prot\u00e8ge souvent les agresseurs.<\/li>\n\n\n\n<li><strong>L&rsquo;espace public et priv\u00e9 :<\/strong> Elle ne s&rsquo;arr\u00eate pas \u00e0 la porte de la maison ; elle est partout.<\/li>\n<\/ul>\n\n\n\n<p>Bien qu&rsquo;elle puisse toucher tout le monde, cette violence frappe les <strong>femmes de mani\u00e8re disproportionn\u00e9e<\/strong>.<\/p>\n\n\n\n<hr class=\"wp-block-separator has-alpha-channel-opacity\"\/>\n\n\n\n<h3 class=\"wp-block-heading\">Les multiples visages de la violence<\/h3>\n\n\n\n<p>La violence ne laisse pas toujours de marques visibles. Elle peut prendre des formes vari\u00e9es :<\/p>\n\n\n\n<ul class=\"wp-block-list\">\n<li><strong>Physique et sexuelle :<\/strong> Coups, agressions, viols.<\/li>\n\n\n\n<li><strong>Psychologique et verbale :<\/strong> Insultes, harc\u00e8lement, humiliations.<\/li>\n\n\n\n<li><strong>Socio-\u00e9conomique :<\/strong> Privation de ressources, contr\u00f4le financier.<\/li>\n\n\n\n<li><strong>Num\u00e9rique :<\/strong> Discours de haine en ligne, cyber-harc\u00e8lement.<\/li>\n<\/ul>\n\n\n\n<h3 class=\"wp-block-heading\">Qui sont les auteurs ?<\/h3>\n\n\n\n<p>Il n&rsquo;y a pas de \u00ab\u00a0portrait-robot\u00a0\u00bb de l&rsquo;agresseur. La violence peut \u00eatre perp\u00e9tr\u00e9e par :<\/p>\n\n\n\n<ol class=\"wp-block-list\">\n<li><strong>L&rsquo;entourage proche :<\/strong> Conjoint (ou ex), membre de la famille, ami.<\/li>\n\n\n\n<li><strong>Le cercle social :<\/strong> Coll\u00e8gues, camarades de classe.<\/li>\n\n\n\n<li><strong>Les institutions :<\/strong> Personnes agissant au nom d&rsquo;autorit\u00e9s religieuses, culturelles ou \u00e9tatiques.<\/li>\n<\/ol>\n\n\n\n<h3 class=\"wp-block-heading\">Le mot de la fin : Une question de pouvoir<\/h3>\n\n\n\n<p>En fin de compte, la violence fond\u00e9e sur le genre est un outil. C&rsquo;est le moyen d&rsquo;affirmer une <strong>pr\u00e9tendue sup\u00e9riorit\u00e9<\/strong> au sein de la famille, au travail ou dans la soci\u00e9t\u00e9. C&rsquo;est un rapport de force que nous devons d\u00e9construire collectivement pour garantir la s\u00e9curit\u00e9 et la dignit\u00e9 de chacun.<\/p>\n","protected":false},"excerpt":{"rendered":"<p>Pour agir, il faut d&rsquo;abord savoir de quoi l&rsquo;on parle. Si l&rsquo;on s&rsquo;appuie sur les travaux de la Convention d\u2019Istanbul, la violence fond\u00e9e sur le genre ne se r\u00e9sume pas \u00e0 des actes isol\u00e9s : c&rsquo;est un syst\u00e8me. Qu&rsquo;est-ce que la violence fond\u00e9e sur le genre ? Il s&rsquo;agit de tout acte pr\u00e9judiciable dirig\u00e9 contre [&hellip;]<\/p>\n","protected":false},"author":2,"featured_media":376,"comment_status":"open","ping_status":"open","sticky":false,"template":"single-with-sidebar","format":"standard","meta":{"footnotes":""},"categories":[22],"tags":[],"class_list":["post-375","post","type-post","status-publish","format-standard","has-post-thumbnail","hentry","category-accompagnement-des-victimes"],"_links":{"self":[{"href":"https:\/\/www.patapon95.fr\/index.php\/wp-json\/wp\/v2\/posts\/375","targetHints":{"allow":["GET"]}}],"collection":[{"href":"https:\/\/www.patapon95.fr\/index.php\/wp-json\/wp\/v2\/posts"}],"about":[{"href":"https:\/\/www.patapon95.fr\/index.php\/wp-json\/wp\/v2\/types\/post"}],"author":[{"embeddable":true,"href":"https:\/\/www.patapon95.fr\/index.php\/wp-json\/wp\/v2\/users\/2"}],"replies":[{"embeddable":true,"href":"https:\/\/www.patapon95.fr\/index.php\/wp-json\/wp\/v2\/comments?post=375"}],"version-history":[{"count":1,"href":"https:\/\/www.patapon95.fr\/index.php\/wp-json\/wp\/v2\/posts\/375\/revisions"}],"predecessor-version":[{"id":377,"href":"https:\/\/www.patapon95.fr\/index.php\/wp-json\/wp\/v2\/posts\/375\/revisions\/377"}],"wp:featuredmedia":[{"embeddable":true,"href":"https:\/\/www.patapon95.fr\/index.php\/wp-json\/wp\/v2\/media\/376"}],"wp:attachment":[{"href":"https:\/\/www.patapon95.fr\/index.php\/wp-json\/wp\/v2\/media?parent=375"}],"wp:term":[{"taxonomy":"category","embeddable":true,"href":"https:\/\/www.patapon95.fr\/index.php\/wp-json\/wp\/v2\/categories?post=375"},{"taxonomy":"post_tag","embeddable":true,"href":"https:\/\/www.patapon95.fr\/index.php\/wp-json\/wp\/v2\/tags?post=375"}],"curies":[{"name":"wp","href":"https:\/\/api.w.org\/{rel}","templated":true}]}}